{"id":233084,"date":"2025-10-27T11:45:11","date_gmt":"2025-10-27T15:45:11","guid":{"rendered":"https:\/\/olsquebec.com\/?p=233084"},"modified":"2025-10-27T11:45:11","modified_gmt":"2025-10-27T15:45:11","slug":"experience-et-reputation-en-droit-du-travail-un-levier-strategique-pour-les-entreprises-et-les-cadres","status":"publish","type":"post","link":"https:\/\/olsquebec.com\/fr\/experience-et-reputation-en-droit-du-travail-un-levier-strategique-pour-les-entreprises-et-les-cadres\/","title":{"rendered":"Exp\u00e9rience et r\u00e9putation en droit du travail : un levier strat\u00e9gique pour les entreprises et les cadres"},"content":{"rendered":"<p data-start=\"472\" data-end=\"1008\"><a href=\"https:\/\/olsquebec.com\/fr\/\">Le droit du travail<\/a> est l\u2019un des domaines juridiques les plus sensibles, car il s\u2019inscrit dans des relations humaines intenses, souvent marqu\u00e9es par des tensions ou des d\u00e9s\u00e9quilibres. Qu\u2019il s\u2019agisse de cong\u00e9diement, de harc\u00e8lement, de restructuration ou de n\u00e9gociations collectives, chaque situation implique non seulement la ma\u00eetrise des textes l\u00e9gaux, mais aussi une finesse d\u2019analyse, de persuasion, et une gestion des perceptions. Dans ce contexte, l\u2019exp\u00e9rience et la r\u00e9putation du cabinet mandat\u00e9 peuvent faire toute la diff\u00e9rence.<\/p>\n<p><a href=\"https:\/\/olsquebec.com\/wp-content\/uploads\/2024\/12\/istockphoto-1498878152-612x612-1.jpg\"><img decoding=\"async\" class=\"size-full wp-image-232857\" src=\"https:\/\/olsquebec.com\/wp-content\/uploads\/2024\/12\/istockphoto-1498878152-612x612-1.jpg\" alt=\"\" width=\"612\" height=\"344\" \/><\/a><\/p>\n<h3 data-start=\"1061\" data-end=\"1110\">Conna\u00eetre le terrain pour mieux le contourner<\/h3>\n<p data-start=\"1112\" data-end=\"1444\">Un cabinet exp\u00e9riment\u00e9 ne se contente pas d\u2019appliquer la loi\u202f: il conna\u00eet ses marges de man\u0153uvre, les tendances jurisprudentielles r\u00e9centes, et les tactiques employ\u00e9es par les parties adverses. Cette connaissance permet de b\u00e2tir des strat\u00e9gies sur mesure, plus robustes, plus rapides, et mieux align\u00e9es avec les objectifs du client.<\/p>\n<h3 data-start=\"1446\" data-end=\"1509\">Anticipation des risques et gestion des sc\u00e9narios complexes<\/h3>\n<p data-start=\"1511\" data-end=\"1938\">Dans un litige, ce n\u2019est pas le hasard qui d\u00e9cide de l\u2019issue, mais la capacit\u00e9 \u00e0 anticiper les coups de l\u2019adversaire. Les avocats chevronn\u00e9s savent flairer les tournants d\u2019une affaire, pr\u00e9parer des arguments alternatifs, et \u00e9viter les pi\u00e8ges proc\u00e9duraux. Leur exp\u00e9rience leur permet aussi de r\u00e9agir avec agilit\u00e9 lorsque des \u00e9l\u00e9ments nouveaux surgissent : un t\u00e9moignage, un document oubli\u00e9, une pression m\u00e9diatique ou syndicale.<\/p>\n<h3 data-start=\"1940\" data-end=\"1976\">Savoir adapter le ton et le fond<\/h3>\n<p data-start=\"1978\" data-end=\"2270\">Un bon avocat en droit du travail ne plaide pas de la m\u00eame mani\u00e8re pour un cadre licenci\u00e9, une PME, ou un organisme public. L\u2019exp\u00e9rience permet de calibrer les communications, de choisir les bons mots au bon moment, et d\u2019\u00e9viter les confrontations inutiles. C\u2019est un art autant qu\u2019une science.<\/p>\n<h3 data-start=\"2335\" data-end=\"2381\">La perception du nom : une arme redoutable<\/h3>\n<p data-start=\"2383\" data-end=\"2734\">Dans le monde juridique, le nom d\u2019un cabinet agit comme un signal. Lorsqu\u2019un cabinet r\u00e9put\u00e9 comme OLS est mandat\u00e9, la partie adverse le sait. Elle sait que le dossier sera rigoureux, que les d\u00e9lais seront ma\u00eetris\u00e9s, que les arguments seront solides. Cela cr\u00e9e un effet psychologique non n\u00e9gligeable, qui peut inciter \u00e0 la conciliation plus rapidement.<\/p>\n<h3 data-start=\"2736\" data-end=\"2780\">Cr\u00e9dibilit\u00e9 devant les juges et arbitres<\/h3>\n<p data-start=\"2782\" data-end=\"3092\">M\u00eame si la justice est cens\u00e9e \u00eatre impartiale, l\u2019humain reste influenc\u00e9 par l\u2019historique, les habitudes, et les r\u00e9putations. Un cabinet ayant plaid\u00e9 avec rigueur et \u00e9thique devant un arbitre aura souvent une meilleure \u00e9coute. Cela ne signifie pas favoritisme, mais confiance dans la qualit\u00e9 de l\u2019argumentation.<\/p>\n<h3 data-start=\"3094\" data-end=\"3136\">Influence sur les partenaires externes<\/h3>\n<p data-start=\"3138\" data-end=\"3388\">La r\u00e9putation du cabinet agit aussi comme un \u00e9l\u00e9ment de r\u00e9assurance pour les tiers : actionnaires, syndicats, journalistes, parties prenantes. Dans un contexte de crise ou de m\u00e9diatisation, un cabinet connu pour sa rigueur devient un gage de s\u00e9rieux.<\/p>\n<h2 data-start=\"3390\" data-end=\"3468\">Tableau r\u00e9capitulatif : effets compar\u00e9s de l\u2019exp\u00e9rience et de la r\u00e9putation<\/h2>\n<div class=\"_tableContainer_80l1q_1\">\n<div class=\"_tableWrapper_80l1q_14 group flex w-fit flex-col-reverse\" tabindex=\"-1\">\n<table class=\"w-fit min-w-(--thread-content-width)\" data-start=\"3470\" data-end=\"5273\">\n<thead data-start=\"3470\" data-end=\"3696\">\n<tr data-start=\"3470\" data-end=\"3696\">\n<th data-start=\"3470\" data-end=\"3512\" data-col-size=\"sm\"><strong data-start=\"3472\" data-end=\"3483\">Crit\u00e8re<\/strong><\/th>\n<th data-start=\"3512\" data-end=\"3604\" data-col-size=\"md\"><strong data-start=\"3514\" data-end=\"3539\">Effet de l&rsquo;exp\u00e9rience<\/strong><\/th>\n<th data-start=\"3604\" data-end=\"3696\" data-col-size=\"md\"><strong data-start=\"3606\" data-end=\"3632\">Effet de la r\u00e9putation<\/strong><\/th>\n<\/tr>\n<\/thead>\n<tbody data-start=\"3923\" data-end=\"5273\">\n<tr data-start=\"3923\" data-end=\"4147\">\n<td data-start=\"3923\" data-end=\"3964\" data-col-size=\"sm\">Pr\u00e9paration des dossiers<\/td>\n<td data-start=\"3964\" data-end=\"4056\" data-col-size=\"md\">Connaissance approfondie des lois, jurisprudence et pratiques<\/td>\n<td data-start=\"4056\" data-end=\"4147\" data-col-size=\"md\">Dossier per\u00e7u comme solide et cr\u00e9dible par les adversaires et instances<\/td>\n<\/tr>\n<tr data-start=\"4148\" data-end=\"4372\">\n<td data-start=\"4148\" data-end=\"4189\" data-col-size=\"sm\">N\u00e9gociation<\/td>\n<td data-start=\"4189\" data-end=\"4281\" data-col-size=\"md\">Tactiques adapt\u00e9es, anticipation des arguments adverses<\/td>\n<td data-start=\"4281\" data-end=\"4372\" data-col-size=\"md\">Effet dissuasif ou incitatif chez la partie adverse<\/td>\n<\/tr>\n<tr data-start=\"4373\" data-end=\"4598\">\n<td data-start=\"4373\" data-end=\"4414\" data-col-size=\"sm\">Gestion de crise<\/td>\n<td data-start=\"4414\" data-end=\"4507\" data-col-size=\"md\">R\u00e9activit\u00e9, mise en place de plans B, gestion des communications sensibles<\/td>\n<td data-start=\"4507\" data-end=\"4598\" data-col-size=\"md\">Rassure les parties prenantes et renforce la confiance dans la r\u00e9solution rapide<\/td>\n<\/tr>\n<tr data-start=\"4599\" data-end=\"4823\">\n<td data-start=\"4599\" data-end=\"4640\" data-col-size=\"sm\">Plaidoirie<\/td>\n<td data-start=\"4640\" data-end=\"4732\" data-col-size=\"md\">Pertinence des arguments, respect des r\u00e8gles de proc\u00e9dure<\/td>\n<td data-start=\"4732\" data-end=\"4823\" data-col-size=\"md\">Confiance implicite des juges dans la clart\u00e9 des faits pr\u00e9sent\u00e9s<\/td>\n<\/tr>\n<tr data-start=\"4824\" data-end=\"5048\">\n<td data-start=\"4824\" data-end=\"4865\" data-col-size=\"sm\">Choix du cabinet par les clients<\/td>\n<td data-start=\"4865\" data-end=\"4957\" data-col-size=\"md\">Attrait par la profondeur des exp\u00e9riences similaires<\/td>\n<td data-start=\"4957\" data-end=\"5048\" data-col-size=\"md\">Attirance par le prestige, les avis clients et la reconnaissance sectorielle<\/td>\n<\/tr>\n<tr data-start=\"5049\" data-end=\"5273\">\n<td data-start=\"5049\" data-end=\"5090\" data-col-size=\"sm\">Pr\u00e9vention des litiges<\/td>\n<td data-start=\"5090\" data-end=\"5182\" data-col-size=\"md\">Analyse pr\u00e9ventive des risques juridiques<\/td>\n<td data-start=\"5182\" data-end=\"5273\" data-col-size=\"md\">Effet dissuasif de la seule pr\u00e9sence du cabinet dans une n\u00e9gociation<\/td>\n<\/tr>\n<\/tbody>\n<\/table>\n<\/div>\n<\/div>\n<h2 data-start=\"5275\" data-end=\"5342\">\u00c9tudes de cas : quand exp\u00e9rience et r\u00e9putation changent la donne<\/h2>\n<h3 data-start=\"5344\" data-end=\"5380\">1. Un cong\u00e9diement d\u00e9guis\u00e9 \u00e9vit\u00e9<\/h3>\n<p data-start=\"5382\" data-end=\"5830\">Dans une affaire r\u00e9cente, un cadre sup\u00e9rieur d\u2019une entreprise de technologies montr\u00e9alaise a \u00e9t\u00e9 invit\u00e9 \u00e0 quitter \u00ab d\u2019un commun accord \u00bb. Or, la r\u00e9alit\u00e9 montrait une exclusion progressive, une diminution des responsabilit\u00e9s, et une pression continue. Gr\u00e2ce \u00e0 l\u2019expertise d\u2019un cabinet reconnu, le client a pu requalifier le d\u00e9part comme un cong\u00e9diement d\u00e9guis\u00e9 et obtenir une indemnit\u00e9 \u00e9quivalente \u00e0 18 mois de salaire, \u00e9vitant des ann\u00e9es de litige.<\/p>\n<h3 data-start=\"5832\" data-end=\"5870\">2. Harc\u00e8lement et m\u00e9diation rapide<\/h3>\n<p data-start=\"5872\" data-end=\"6277\">Une PME dans le secteur de la fabrication faisait face \u00e0 une crise interne : une plainte de harc\u00e8lement sexuel impliquait un cadre appr\u00e9ci\u00e9, mais les tensions internes mena\u00e7aient l\u2019image de l\u2019entreprise. Un cabinet exp\u00e9riment\u00e9 a su agir rapidement\u202f: enqu\u00eate interne, m\u00e9diation encadr\u00e9e, r\u00e9solution amiable. La r\u00e9putation du cabinet a permis de rassurer les employ\u00e9s et d\u2019\u00e9viter les fuites dans les m\u00e9dias.<\/p>\n<h3 data-start=\"6279\" data-end=\"6315\">3. N\u00e9gociation collective tendue<\/h3>\n<p data-start=\"6317\" data-end=\"6654\">Dans le cadre d\u2019un renouvellement de convention collective, un organisme parapublic faisait face \u00e0 un syndicat radicalis\u00e9. L\u2019exp\u00e9rience des avocats mandat\u00e9s a permis d\u2019introduire une logique de m\u00e9diation progressive, de r\u00e9duire le nombre de jours de gr\u00e8ve potentiels, et d\u2019aboutir \u00e0 un accord structurant, \u00e9vitant une rupture de service.<\/p>\n<h2 data-start=\"6656\" data-end=\"6703\">Ce que les grandes firmes disent elles-m\u00eames<\/h2>\n<p data-start=\"6705\" data-end=\"6961\">Les cabinets nationaux comme Lavery, McCarthy T\u00e9trault, KPMG et BLG insistent tous sur la double importance de l\u2019exp\u00e9rience et de la r\u00e9putation. Pour eux, il ne s\u2019agit pas d\u2019un simple avantage concurrentiel, mais d\u2019un levier strat\u00e9gique pour leurs clients.<\/p>\n<p data-start=\"6963\" data-end=\"7383\">Chez KPMG, on explique que \u00ab l\u2019exp\u00e9rience accumul\u00e9e permet de voir venir les tensions et de d\u00e9samorcer les conflits avant qu\u2019ils ne s\u2019enflamment \u00bb. Chez BLG, on rappelle que \u00ab la r\u00e9putation permet d\u2019ouvrir les bonnes portes dans un contexte o\u00f9 chaque minute compte \u00bb. Chez Lavery, l\u2019importance des relations avec les juges et arbitres est mise en avant, notamment \u00ab dans les dossiers sensibles o\u00f9 chaque d\u00e9tail compte \u00bb.<\/p>\n<h2 data-start=\"7385\" data-end=\"7452\">La dimension pr\u00e9ventive : la r\u00e9putation comme barri\u00e8re invisible<\/h2>\n<p data-start=\"7454\" data-end=\"7901\">La meilleure mani\u00e8re de r\u00e9soudre un litige, c\u2019est de ne pas avoir \u00e0 le subir. \u00c0 ce titre, la r\u00e9putation d\u2019un cabinet agit comme une barri\u00e8re invisible. Lorsqu\u2019une entreprise mandate un cabinet connu pour sa fermet\u00e9 et sa comp\u00e9tence, cela envoie un signal pr\u00e9ventif\u202f: la n\u00e9gociation sera s\u00e9rieuse, les abus seront contest\u00e9s, les d\u00e9lais seront tenus. Cette perception modifie souvent le comportement de l\u2019autre partie avant m\u00eame le d\u00e9but du conflit.<\/p>\n<h2 data-start=\"7903\" data-end=\"7960\">Le r\u00f4le de la confiance dans la relation client-avocat<\/h2>\n<h3 data-start=\"7962\" data-end=\"7994\">Une relation de longue dur\u00e9e<\/h3>\n<p data-start=\"7996\" data-end=\"8314\">Les entreprises ne choisissent pas leur cabinet sur un coup de t\u00eate. Elles cherchent des partenaires capables de les accompagner sur plusieurs ann\u00e9es, parfois m\u00eame plusieurs d\u00e9cennies. Cette fid\u00e9lit\u00e9 repose sur la constance des r\u00e9sultats, mais aussi sur la capacit\u00e9 \u00e0 comprendre les enjeux humains et organisationnels.<\/p>\n<h3 data-start=\"8316\" data-end=\"8370\">Le bouche-\u00e0-oreille et les r\u00e9f\u00e9rences sectorielles<\/h3>\n<p data-start=\"8372\" data-end=\"8648\">Dans les milieux professionnels, la r\u00e9putation d\u2019un cabinet circule vite. Un bon r\u00e9sultat dans une affaire visible peut g\u00e9n\u00e9rer plusieurs recommandations. C\u2019est pourquoi les avocats exp\u00e9riment\u00e9s investissent aussi dans leur r\u00e9seau professionnel et dans leur pr\u00e9sence publique.<\/p>\n<h2 data-start=\"8650\" data-end=\"8721\">L\u2019\u00e9volution du droit du travail : complexification et nouveaux d\u00e9fis<\/h2>\n<h3 data-start=\"8723\" data-end=\"8770\">L\u2019impact des transformations technologiques<\/h3>\n<p data-start=\"8772\" data-end=\"9036\">Le t\u00e9l\u00e9travail, les plateformes num\u00e9riques, l\u2019IA dans les processus RH : tous ces ph\u00e9nom\u00e8nes transforment la pratique du droit du travail. Les cabinets doivent d\u00e9sormais conseiller des entreprises sur des enjeux qui d\u00e9passent le cadre classique du Code du travail.<\/p>\n<h3 data-start=\"9038\" data-end=\"9080\">Les obligations accrues des employeurs<\/h3>\n<p data-start=\"9082\" data-end=\"9368\">Depuis 2021, plusieurs modifications l\u00e9gislatives ont accru les obligations des employeurs en mati\u00e8re de harc\u00e8lement, de sant\u00e9 mentale, et de climat organisationnel. Cela cr\u00e9e une pression juridique continue, qui ne peut \u00eatre g\u00e9r\u00e9e qu\u2019avec une expertise pointue et une veille constante.<\/p>\n<h3 data-start=\"9370\" data-end=\"9419\">Les enjeux de r\u00e9putation pour les entreprises<\/h3>\n<p data-start=\"9421\" data-end=\"9603\">Dans un monde connect\u00e9, chaque litige peut devenir viral. Les entreprises cherchent donc des cabinets capables de g\u00e9rer aussi la dimension m\u00e9diatique et r\u00e9putationnelle d\u2019un dossier.<\/p>\n<p data-start=\"10457\" data-end=\"10738\">Les professionnels de chez OLS combinent expertise juridique, sens de la n\u00e9gociation, et capacit\u00e9 \u00e0 anticiper les tendances. Ils savent mobiliser leurs ressources rapidement, travailler en r\u00e9seau avec des experts en RH ou en communication de crise, et agir avec rigueur et agilit\u00e9.<\/p>\n<p data-start=\"10791\" data-end=\"11101\">Dans un environnement o\u00f9 les litiges en droit du travail sont de plus en plus complexes et m\u00e9diatis\u00e9s, il ne suffit pas d\u2019avoir un bon avocat. Il faut avoir le bon cabinet\u202f: celui qui saura inspirer confiance, anticiper les risques, peser dans la n\u00e9gociation, et porter une voix respect\u00e9e devant les tribunaux.<\/p>\n","protected":false},"excerpt":{"rendered":"<p>Le droit du travail est l\u2019un des domaines juridiques les plus sensibles, car il s\u2019inscrit dans des relations humaines intenses, souvent marqu\u00e9es par des tensions ou des d\u00e9s\u00e9quilibres. Qu\u2019il s\u2019agisse de cong\u00e9diement, de harc\u00e8lement, de restructuration ou de n\u00e9gociations collectives, chaque situation implique non seulement la ma\u00eetrise des textes l\u00e9gaux, mais aussi une finesse d\u2019analyse, [&hellip;]<\/p>\n","protected":false},"author":101014,"featured_media":0,"comment_status":"closed","ping_status":"closed","sticky":false,"template":"","format":"standard","meta":{"_et_pb_use_builder":"","_et_pb_old_content":"","_et_gb_content_width":"","footnotes":""},"categories":[55],"tags":[],"class_list":["post-233084","post","type-post","status-publish","format-standard","hentry","category-non-classifiee"],"yoast_head":"<!-- This site is optimized with the Yoast SEO plugin v27.3 - https:\/\/yoast.com\/product\/yoast-seo-wordpress\/ -->\n<title>Exp\u00e9rience et r\u00e9putation en droit du travail : un levier strat\u00e9gique pour les entreprises et les cadres - OLS Quebec<\/title>\n<meta name=\"robots\" content=\"index, follow, max-snippet:-1, max-image-preview:large, max-video-preview:-1\" \/>\n<link rel=\"canonical\" href=\"https:\/\/olsquebec.com\/fr\/experience-et-reputation-en-droit-du-travail-un-levier-strategique-pour-les-entreprises-et-les-cadres\/\" \/>\n<meta name=\"twitter:card\" content=\"summary_large_image\" \/>\n<meta name=\"twitter:title\" content=\"Exp\u00e9rience et r\u00e9putation en droit du travail : un levier strat\u00e9gique pour les entreprises et les cadres - OLS Quebec\" \/>\n<meta name=\"twitter:description\" content=\"Le droit du travail est l\u2019un des domaines juridiques les plus sensibles, car il s\u2019inscrit dans des relations humaines intenses, souvent marqu\u00e9es par des tensions ou des d\u00e9s\u00e9quilibres. Qu\u2019il s\u2019agisse de cong\u00e9diement, de harc\u00e8lement, de restructuration ou de n\u00e9gociations collectives, chaque situation implique non seulement la ma\u00eetrise des textes l\u00e9gaux, mais aussi une finesse d\u2019analyse, [&hellip;]\" \/>\n<meta name=\"twitter:image\" content=\"https:\/\/olsquebec.com\/wp-content\/uploads\/2024\/12\/istockphoto-1498878152-612x612-1.jpg\" \/>\n<meta name=\"twitter:label1\" content=\"\u00c9crit par\" \/>\n\t<meta name=\"twitter:data1\" content=\"seo_ols\" \/>\n\t<meta name=\"twitter:label2\" content=\"Estimation du temps de lecture\" \/>\n\t<meta name=\"twitter:data2\" content=\"6 minutes\" \/>\n<script type=\"application\/ld+json\" class=\"yoast-schema-graph\">{\"@context\":\"https:\\\/\\\/schema.org\",\"@graph\":[{\"@type\":\"Article\",\"@id\":\"https:\\\/\\\/olsquebec.com\\\/fr\\\/experience-et-reputation-en-droit-du-travail-un-levier-strategique-pour-les-entreprises-et-les-cadres\\\/#article\",\"isPartOf\":{\"@id\":\"https:\\\/\\\/olsquebec.com\\\/fr\\\/experience-et-reputation-en-droit-du-travail-un-levier-strategique-pour-les-entreprises-et-les-cadres\\\/\"},\"author\":{\"name\":\"seo_ols\",\"@id\":\"https:\\\/\\\/olsquebec.com\\\/fr\\\/#\\\/schema\\\/person\\\/a628607ba885073bb0dc92172f396681\"},\"headline\":\"Exp\u00e9rience et r\u00e9putation en droit du travail : un levier strat\u00e9gique pour les entreprises et les cadres\",\"datePublished\":\"2025-10-27T15:45:11+00:00\",\"mainEntityOfPage\":{\"@id\":\"https:\\\/\\\/olsquebec.com\\\/fr\\\/experience-et-reputation-en-droit-du-travail-un-levier-strategique-pour-les-entreprises-et-les-cadres\\\/\"},\"wordCount\":1509,\"publisher\":{\"@id\":\"https:\\\/\\\/olsquebec.com\\\/fr\\\/#organization\"},\"image\":{\"@id\":\"https:\\\/\\\/olsquebec.com\\\/fr\\\/experience-et-reputation-en-droit-du-travail-un-levier-strategique-pour-les-entreprises-et-les-cadres\\\/#primaryimage\"},\"thumbnailUrl\":\"https:\\\/\\\/olsquebec.com\\\/wp-content\\\/uploads\\\/2024\\\/12\\\/istockphoto-1498878152-612x612-1.jpg\",\"articleSection\":[\"Droit du travail\"],\"inLanguage\":\"fr-CA\"},{\"@type\":\"WebPage\",\"@id\":\"https:\\\/\\\/olsquebec.com\\\/fr\\\/experience-et-reputation-en-droit-du-travail-un-levier-strategique-pour-les-entreprises-et-les-cadres\\\/\",\"url\":\"https:\\\/\\\/olsquebec.com\\\/fr\\\/experience-et-reputation-en-droit-du-travail-un-levier-strategique-pour-les-entreprises-et-les-cadres\\\/\",\"name\":\"Exp\u00e9rience et r\u00e9putation en droit du travail : un levier strat\u00e9gique pour les entreprises et les cadres - OLS Quebec\",\"isPartOf\":{\"@id\":\"https:\\\/\\\/olsquebec.com\\\/fr\\\/#website\"},\"primaryImageOfPage\":{\"@id\":\"https:\\\/\\\/olsquebec.com\\\/fr\\\/experience-et-reputation-en-droit-du-travail-un-levier-strategique-pour-les-entreprises-et-les-cadres\\\/#primaryimage\"},\"image\":{\"@id\":\"https:\\\/\\\/olsquebec.com\\\/fr\\\/experience-et-reputation-en-droit-du-travail-un-levier-strategique-pour-les-entreprises-et-les-cadres\\\/#primaryimage\"},\"thumbnailUrl\":\"https:\\\/\\\/olsquebec.com\\\/wp-content\\\/uploads\\\/2024\\\/12\\\/istockphoto-1498878152-612x612-1.jpg\",\"datePublished\":\"2025-10-27T15:45:11+00:00\",\"breadcrumb\":{\"@id\":\"https:\\\/\\\/olsquebec.com\\\/fr\\\/experience-et-reputation-en-droit-du-travail-un-levier-strategique-pour-les-entreprises-et-les-cadres\\\/#breadcrumb\"},\"inLanguage\":\"fr-CA\",\"potentialAction\":[{\"@type\":\"ReadAction\",\"target\":[\"https:\\\/\\\/olsquebec.com\\\/fr\\\/experience-et-reputation-en-droit-du-travail-un-levier-strategique-pour-les-entreprises-et-les-cadres\\\/\"]}]},{\"@type\":\"ImageObject\",\"inLanguage\":\"fr-CA\",\"@id\":\"https:\\\/\\\/olsquebec.com\\\/fr\\\/experience-et-reputation-en-droit-du-travail-un-levier-strategique-pour-les-entreprises-et-les-cadres\\\/#primaryimage\",\"url\":\"https:\\\/\\\/olsquebec.com\\\/wp-content\\\/uploads\\\/2024\\\/12\\\/istockphoto-1498878152-612x612-1.jpg\",\"contentUrl\":\"https:\\\/\\\/olsquebec.com\\\/wp-content\\\/uploads\\\/2024\\\/12\\\/istockphoto-1498878152-612x612-1.jpg\"},{\"@type\":\"BreadcrumbList\",\"@id\":\"https:\\\/\\\/olsquebec.com\\\/fr\\\/experience-et-reputation-en-droit-du-travail-un-levier-strategique-pour-les-entreprises-et-les-cadres\\\/#breadcrumb\",\"itemListElement\":[{\"@type\":\"ListItem\",\"position\":1,\"name\":\"Home\",\"item\":\"https:\\\/\\\/olsquebec.com\\\/fr\\\/\"},{\"@type\":\"ListItem\",\"position\":2,\"name\":\"Exp\u00e9rience et r\u00e9putation en droit du travail : un levier strat\u00e9gique pour les entreprises et les cadres\"}]},{\"@type\":\"WebSite\",\"@id\":\"https:\\\/\\\/olsquebec.com\\\/fr\\\/#website\",\"url\":\"https:\\\/\\\/olsquebec.com\\\/fr\\\/\",\"name\":\"OLS Quebec\",\"description\":\"\",\"publisher\":{\"@id\":\"https:\\\/\\\/olsquebec.com\\\/fr\\\/#organization\"},\"potentialAction\":[{\"@type\":\"SearchAction\",\"target\":{\"@type\":\"EntryPoint\",\"urlTemplate\":\"https:\\\/\\\/olsquebec.com\\\/fr\\\/?s={search_term_string}\"},\"query-input\":{\"@type\":\"PropertyValueSpecification\",\"valueRequired\":true,\"valueName\":\"search_term_string\"}}],\"inLanguage\":\"fr-CA\"},{\"@type\":\"Organization\",\"@id\":\"https:\\\/\\\/olsquebec.com\\\/fr\\\/#organization\",\"name\":\"OLS Quebec\",\"url\":\"https:\\\/\\\/olsquebec.com\\\/fr\\\/\",\"logo\":{\"@type\":\"ImageObject\",\"inLanguage\":\"fr-CA\",\"@id\":\"https:\\\/\\\/olsquebec.com\\\/fr\\\/#\\\/schema\\\/logo\\\/image\\\/\",\"url\":\"https:\\\/\\\/olsquebec.com\\\/wp-content\\\/uploads\\\/2020\\\/11\\\/logo-ols.png\",\"contentUrl\":\"https:\\\/\\\/olsquebec.com\\\/wp-content\\\/uploads\\\/2020\\\/11\\\/logo-ols.png\",\"width\":296,\"height\":82,\"caption\":\"OLS Quebec\"},\"image\":{\"@id\":\"https:\\\/\\\/olsquebec.com\\\/fr\\\/#\\\/schema\\\/logo\\\/image\\\/\"}},{\"@type\":\"Person\",\"@id\":\"https:\\\/\\\/olsquebec.com\\\/fr\\\/#\\\/schema\\\/person\\\/a628607ba885073bb0dc92172f396681\",\"name\":\"seo_ols\",\"image\":{\"@type\":\"ImageObject\",\"inLanguage\":\"fr-CA\",\"@id\":\"https:\\\/\\\/secure.gravatar.com\\\/avatar\\\/c6923fa51e78a5e007e3eb68f771fa191a5a00c348491b8a83c21abdf5b2e066?s=96&d=mm&r=g\",\"url\":\"https:\\\/\\\/secure.gravatar.com\\\/avatar\\\/c6923fa51e78a5e007e3eb68f771fa191a5a00c348491b8a83c21abdf5b2e066?s=96&d=mm&r=g\",\"contentUrl\":\"https:\\\/\\\/secure.gravatar.com\\\/avatar\\\/c6923fa51e78a5e007e3eb68f771fa191a5a00c348491b8a83c21abdf5b2e066?s=96&d=mm&r=g\",\"caption\":\"seo_ols\"}}]}<\/script>\n<!-- \/ Yoast SEO plugin. -->","yoast_head_json":{"title":"Exp\u00e9rience et r\u00e9putation en droit du travail : un levier strat\u00e9gique pour les entreprises et les cadres - OLS Quebec","robots":{"index":"index","follow":"follow","max-snippet":"max-snippet:-1","max-image-preview":"max-image-preview:large","max-video-preview":"max-video-preview:-1"},"canonical":"https:\/\/olsquebec.com\/fr\/experience-et-reputation-en-droit-du-travail-un-levier-strategique-pour-les-entreprises-et-les-cadres\/","twitter_card":"summary_large_image","twitter_title":"Exp\u00e9rience et r\u00e9putation en droit du travail : un levier strat\u00e9gique pour les entreprises et les cadres - OLS Quebec","twitter_description":"Le droit du travail est l\u2019un des domaines juridiques les plus sensibles, car il s\u2019inscrit dans des relations humaines intenses, souvent marqu\u00e9es par des tensions ou des d\u00e9s\u00e9quilibres. Qu\u2019il s\u2019agisse de cong\u00e9diement, de harc\u00e8lement, de restructuration ou de n\u00e9gociations collectives, chaque situation implique non seulement la ma\u00eetrise des textes l\u00e9gaux, mais aussi une finesse d\u2019analyse, [&hellip;]","twitter_image":"https:\/\/olsquebec.com\/wp-content\/uploads\/2024\/12\/istockphoto-1498878152-612x612-1.jpg","twitter_misc":{"\u00c9crit par":"seo_ols","Estimation du temps de lecture":"6 minutes"},"schema":{"@context":"https:\/\/schema.org","@graph":[{"@type":"Article","@id":"https:\/\/olsquebec.com\/fr\/experience-et-reputation-en-droit-du-travail-un-levier-strategique-pour-les-entreprises-et-les-cadres\/#article","isPartOf":{"@id":"https:\/\/olsquebec.com\/fr\/experience-et-reputation-en-droit-du-travail-un-levier-strategique-pour-les-entreprises-et-les-cadres\/"},"author":{"name":"seo_ols","@id":"https:\/\/olsquebec.com\/fr\/#\/schema\/person\/a628607ba885073bb0dc92172f396681"},"headline":"Exp\u00e9rience et r\u00e9putation en droit du travail : un levier strat\u00e9gique pour les entreprises et les cadres","datePublished":"2025-10-27T15:45:11+00:00","mainEntityOfPage":{"@id":"https:\/\/olsquebec.com\/fr\/experience-et-reputation-en-droit-du-travail-un-levier-strategique-pour-les-entreprises-et-les-cadres\/"},"wordCount":1509,"publisher":{"@id":"https:\/\/olsquebec.com\/fr\/#organization"},"image":{"@id":"https:\/\/olsquebec.com\/fr\/experience-et-reputation-en-droit-du-travail-un-levier-strategique-pour-les-entreprises-et-les-cadres\/#primaryimage"},"thumbnailUrl":"https:\/\/olsquebec.com\/wp-content\/uploads\/2024\/12\/istockphoto-1498878152-612x612-1.jpg","articleSection":["Droit du travail"],"inLanguage":"fr-CA"},{"@type":"WebPage","@id":"https:\/\/olsquebec.com\/fr\/experience-et-reputation-en-droit-du-travail-un-levier-strategique-pour-les-entreprises-et-les-cadres\/","url":"https:\/\/olsquebec.com\/fr\/experience-et-reputation-en-droit-du-travail-un-levier-strategique-pour-les-entreprises-et-les-cadres\/","name":"Exp\u00e9rience et r\u00e9putation en droit du travail : un levier strat\u00e9gique pour les entreprises et les cadres - OLS Quebec","isPartOf":{"@id":"https:\/\/olsquebec.com\/fr\/#website"},"primaryImageOfPage":{"@id":"https:\/\/olsquebec.com\/fr\/experience-et-reputation-en-droit-du-travail-un-levier-strategique-pour-les-entreprises-et-les-cadres\/#primaryimage"},"image":{"@id":"https:\/\/olsquebec.com\/fr\/experience-et-reputation-en-droit-du-travail-un-levier-strategique-pour-les-entreprises-et-les-cadres\/#primaryimage"},"thumbnailUrl":"https:\/\/olsquebec.com\/wp-content\/uploads\/2024\/12\/istockphoto-1498878152-612x612-1.jpg","datePublished":"2025-10-27T15:45:11+00:00","breadcrumb":{"@id":"https:\/\/olsquebec.com\/fr\/experience-et-reputation-en-droit-du-travail-un-levier-strategique-pour-les-entreprises-et-les-cadres\/#breadcrumb"},"inLanguage":"fr-CA","potentialAction":[{"@type":"ReadAction","target":["https:\/\/olsquebec.com\/fr\/experience-et-reputation-en-droit-du-travail-un-levier-strategique-pour-les-entreprises-et-les-cadres\/"]}]},{"@type":"ImageObject","inLanguage":"fr-CA","@id":"https:\/\/olsquebec.com\/fr\/experience-et-reputation-en-droit-du-travail-un-levier-strategique-pour-les-entreprises-et-les-cadres\/#primaryimage","url":"https:\/\/olsquebec.com\/wp-content\/uploads\/2024\/12\/istockphoto-1498878152-612x612-1.jpg","contentUrl":"https:\/\/olsquebec.com\/wp-content\/uploads\/2024\/12\/istockphoto-1498878152-612x612-1.jpg"},{"@type":"BreadcrumbList","@id":"https:\/\/olsquebec.com\/fr\/experience-et-reputation-en-droit-du-travail-un-levier-strategique-pour-les-entreprises-et-les-cadres\/#breadcrumb","itemListElement":[{"@type":"ListItem","position":1,"name":"Home","item":"https:\/\/olsquebec.com\/fr\/"},{"@type":"ListItem","position":2,"name":"Exp\u00e9rience et r\u00e9putation en droit du travail : un levier strat\u00e9gique pour les entreprises et les cadres"}]},{"@type":"WebSite","@id":"https:\/\/olsquebec.com\/fr\/#website","url":"https:\/\/olsquebec.com\/fr\/","name":"OLS Quebec","description":"","publisher":{"@id":"https:\/\/olsquebec.com\/fr\/#organization"},"potentialAction":[{"@type":"SearchAction","target":{"@type":"EntryPoint","urlTemplate":"https:\/\/olsquebec.com\/fr\/?s={search_term_string}"},"query-input":{"@type":"PropertyValueSpecification","valueRequired":true,"valueName":"search_term_string"}}],"inLanguage":"fr-CA"},{"@type":"Organization","@id":"https:\/\/olsquebec.com\/fr\/#organization","name":"OLS Quebec","url":"https:\/\/olsquebec.com\/fr\/","logo":{"@type":"ImageObject","inLanguage":"fr-CA","@id":"https:\/\/olsquebec.com\/fr\/#\/schema\/logo\/image\/","url":"https:\/\/olsquebec.com\/wp-content\/uploads\/2020\/11\/logo-ols.png","contentUrl":"https:\/\/olsquebec.com\/wp-content\/uploads\/2020\/11\/logo-ols.png","width":296,"height":82,"caption":"OLS Quebec"},"image":{"@id":"https:\/\/olsquebec.com\/fr\/#\/schema\/logo\/image\/"}},{"@type":"Person","@id":"https:\/\/olsquebec.com\/fr\/#\/schema\/person\/a628607ba885073bb0dc92172f396681","name":"seo_ols","image":{"@type":"ImageObject","inLanguage":"fr-CA","@id":"https:\/\/secure.gravatar.com\/avatar\/c6923fa51e78a5e007e3eb68f771fa191a5a00c348491b8a83c21abdf5b2e066?s=96&d=mm&r=g","url":"https:\/\/secure.gravatar.com\/avatar\/c6923fa51e78a5e007e3eb68f771fa191a5a00c348491b8a83c21abdf5b2e066?s=96&d=mm&r=g","contentUrl":"https:\/\/secure.gravatar.com\/avatar\/c6923fa51e78a5e007e3eb68f771fa191a5a00c348491b8a83c21abdf5b2e066?s=96&d=mm&r=g","caption":"seo_ols"}}]}},"jetpack_featured_media_url":"","_links":{"self":[{"href":"https:\/\/olsquebec.com\/fr\/wp-json\/wp\/v2\/posts\/233084","targetHints":{"allow":["GET"]}}],"collection":[{"href":"https:\/\/olsquebec.com\/fr\/wp-json\/wp\/v2\/posts"}],"about":[{"href":"https:\/\/olsquebec.com\/fr\/wp-json\/wp\/v2\/types\/post"}],"author":[{"embeddable":true,"href":"https:\/\/olsquebec.com\/fr\/wp-json\/wp\/v2\/users\/101014"}],"replies":[{"embeddable":true,"href":"https:\/\/olsquebec.com\/fr\/wp-json\/wp\/v2\/comments?post=233084"}],"version-history":[{"count":1,"href":"https:\/\/olsquebec.com\/fr\/wp-json\/wp\/v2\/posts\/233084\/revisions"}],"predecessor-version":[{"id":233161,"href":"https:\/\/olsquebec.com\/fr\/wp-json\/wp\/v2\/posts\/233084\/revisions\/233161"}],"wp:attachment":[{"href":"https:\/\/olsquebec.com\/fr\/wp-json\/wp\/v2\/media?parent=233084"}],"wp:term":[{"taxonomy":"category","embeddable":true,"href":"https:\/\/olsquebec.com\/fr\/wp-json\/wp\/v2\/categories?post=233084"},{"taxonomy":"post_tag","embeddable":true,"href":"https:\/\/olsquebec.com\/fr\/wp-json\/wp\/v2\/tags?post=233084"}],"curies":[{"name":"wp","href":"https:\/\/api.w.org\/{rel}","templated":true}]}}