{"id":232665,"date":"2024-03-22T12:30:49","date_gmt":"2024-03-22T16:30:49","guid":{"rendered":"https:\/\/olsquebec.com\/?p=232665"},"modified":"2024-03-22T12:30:49","modified_gmt":"2024-03-22T16:30:49","slug":"la-gestion-des-absences-longue-duree-pour-maladie","status":"publish","type":"post","link":"https:\/\/olsquebec.com\/fr\/la-gestion-des-absences-longue-duree-pour-maladie\/","title":{"rendered":"La gestion des absences longue dur\u00e9e pour maladie"},"content":{"rendered":"<p>La gestion des absences prolong\u00e9es pour maladie peut \u00eatre un d\u00e9fi pour les employeurs, n\u00e9cessitant une compr\u00e9hension approfondie de la l\u00e9gislation en vigueur. Communiquer efficacement avec l&#8217;employ\u00e9 en cong\u00e9 maladie, respecter les lois sur la confidentialit\u00e9 des donn\u00e9es m\u00e9dicales, et planifier le retour au travail de mani\u00e8re adapt\u00e9e sont des aspects cruciaux de la gestion des absences longue dur\u00e9e. Dans cet article, nous allons explorer les conseils essentiels pour les employeurs afin de g\u00e9rer l\u00e9galement et efficacement les absences prolong\u00e9es pour maladie, garantissant ainsi une relation de travail respectueuse et conforme \u00e0 la loi.<\/p>\n<p><a href=\"http:\/\/olsquebec.com\/wp-content\/uploads\/2024\/03\/Sick-leave1-1.jpg\"><img decoding=\"async\" class=\"alignnone size-full wp-image-232668\" src=\"http:\/\/olsquebec.com\/wp-content\/uploads\/2024\/03\/Sick-leave1-1.jpg\" alt=\"\" width=\"750\" height=\"500\" srcset=\"http:\/\/olsquebec.com\/wp-content\/uploads\/2024\/03\/Sick-leave1-1.jpg 750w, http:\/\/olsquebec.com\/wp-content\/uploads\/2024\/03\/Sick-leave1-1-480x320.jpg 480w\" sizes=\"(min-width: 0px) and (max-width: 480px) 480px, (min-width: 481px) 750px, 100vw\" \/><\/a><\/p>\n<h3>Obligations de l&#8217;employeur<\/h3>\n<p>Les employeurs ont l&rsquo;obligation de respecter la l\u00e9gislation en vigueur en mati\u00e8re d&rsquo;absences pour maladie. Cela inclut la fourniture de cong\u00e9s de maladie r\u00e9mun\u00e9r\u00e9s conform\u00e9ment aux lois du travail, ainsi que la mise en place de politiques claires concernant les proc\u00e9dures \u00e0 suivre en cas d&rsquo;absence prolong\u00e9e d&rsquo;un employ\u00e9 pour raison de sant\u00e9.<\/p>\n<h3>Droits des employ\u00e9s<\/h3>\n<p>Les employ\u00e9s ont des droits l\u00e9gaux prot\u00e9geant leur emploi et leur r\u00e9mun\u00e9ration en cas d&rsquo;absence prolong\u00e9e pour maladie. Ces droits comprennent l&rsquo;acc\u00e8s \u00e0 des cong\u00e9s de maladie pay\u00e9s, la possibilit\u00e9 de b\u00e9n\u00e9ficier d&rsquo;am\u00e9nagements de travail raisonnables en cas de retour progressif, et la protection contre toute discrimination en raison de leur \u00e9tat de sant\u00e9.<\/p>\n<h3>Maintien du contact avec l&#8217;employ\u00e9 absent<\/h3>\n<p>Il est essentiel pour les employeurs de maintenir un contact r\u00e9gulier et bienveillant avec les employ\u00e9s en cong\u00e9 maladie. Cela peut se faire par le biais de courriels, d&rsquo;appels t\u00e9l\u00e9phoniques ou de visites en personne, en fonction des pr\u00e9f\u00e9rences de l&#8217;employ\u00e9. Il est important de montrer de l&#8217;empathie, de se tenir inform\u00e9 de l&rsquo;\u00e9tat de sant\u00e9 de l&#8217;employ\u00e9 et de lui rappeler votre soutien durant cette p\u00e9riode difficile.<\/p>\n<h3>Proc\u00e9dures de communication interne<\/h3>\n<p>Les proc\u00e9dures de communication interne doivent \u00eatre claires et efficaces pour assurer la coh\u00e9rence et la transparence dans la gestion des absences prolong\u00e9es pour maladie. Il est recommand\u00e9 d&rsquo;\u00e9tablir des canaux de communication d\u00e9finis pour informer les \u00e9quipes des cong\u00e9s maladie, de d\u00e9signer un point de contact responsable de la coordination et de veiller \u00e0 ce que les informations soient diffus\u00e9es de mani\u00e8re appropri\u00e9e.<\/p>\n<h3>\u00c9valuation des capacit\u00e9s de l&#8217;employ\u00e9<\/h3>\n<p>Lors du retour d&rsquo;un employ\u00e9 apr\u00e8s une absence prolong\u00e9e pour maladie, il est essentiel de proc\u00e9der \u00e0 une \u00e9valuation de ses capacit\u00e9s. Cette \u00e9valuation permettra de d\u00e9terminer si l&#8217;employ\u00e9 est apte \u00e0 reprendre ses fonctions habituelles ou s&rsquo;il n\u00e9cessite des am\u00e9nagements sp\u00e9cifiques.<\/p>\n<h3>Am\u00e9nagement du poste de travail et adaptation des t\u00e2ches<\/h3>\n<p>La mise en place d&rsquo;am\u00e9nagements du poste de travail et l&rsquo;adaptation des t\u00e2ches peuvent \u00eatre n\u00e9cessaires pour faciliter le retour d&rsquo;un employ\u00e9 apr\u00e8s une absence prolong\u00e9e pour maladie. Ces ajustements doivent \u00eatre discut\u00e9s en collaboration avec l&#8217;employ\u00e9 et peuvent inclure des horaires flexibles, des am\u00e9nagements ergonomiques ou des t\u00e2ches adapt\u00e9es \u00e0 ses capacit\u00e9s.<\/p>\n<h2>Pr\u00e9vention et gestion proactive<\/h2>\n<p>Les entreprises peuvent mettre en place diverses strat\u00e9gies pour pr\u00e9venir les absences prolong\u00e9es pour maladie. Cela peut inclure la promotion d&rsquo;un mode de vie sain en encourageant l&rsquo;exercice r\u00e9gulier, une alimentation \u00e9quilibr\u00e9e et la gestion du stress. Il est \u00e9galement essentiel d&rsquo;offrir un environnement de travail favorable \u00e0 la sant\u00e9 mentale et de sensibiliser les employ\u00e9s sur l&rsquo;importance de prendre soin de leur bien-\u00eatre.<\/p>\n<h3>Politique de l&rsquo;entreprise et formation des managers<\/h3>\n<p>La mise en place d&rsquo;une politique claire concernant les absences pour maladie, incluant les proc\u00e9dures \u00e0 suivre en cas d&rsquo;absence prolong\u00e9e, est essentielle pour une gestion efficace. De plus, former les managers \u00e0 identifier les signes pr\u00e9coces de d\u00e9tresse chez les employ\u00e9s et \u00e0 g\u00e9rer de mani\u00e8re empathique et proactive les situations d&rsquo;absence prolong\u00e9e peut contribuer \u00e0 un retour plus rapide et r\u00e9ussi au travail.<\/p>\n<h2>Gestion des absences longue dur\u00e9e pour maladie<\/h2>\n<p>La gestion des absences prolong\u00e9es pour maladie est un aspect crucial de la relation employeur-employ\u00e9. Il est essentiel pour les employeurs de faire preuve de compr\u00e9hension, de communication claire et de soutien envers les employ\u00e9s en cong\u00e9 de maladie. En respectant les lois du travail et en mettant en place des politiques et des proc\u00e9dures appropri\u00e9es, les employeurs peuvent faciliter le processus de retour au travail et assurer une transition fluide pour les employ\u00e9s en convalescence. Il est important de rester inform\u00e9 sur les droits des travailleurs et de traiter les absences prolong\u00e9es avec empathie et professionnalisme pour maintenir un environnement de travail sain et respectueux.<\/p>\n","protected":false},"excerpt":{"rendered":"<p>La gestion des absences prolong\u00e9es pour maladie peut \u00eatre un d\u00e9fi pour les employeurs, n\u00e9cessitant une compr\u00e9hension approfondie de la l\u00e9gislation en vigueur. Communiquer efficacement avec l&#8217;employ\u00e9 en cong\u00e9 maladie, respecter les lois sur la confidentialit\u00e9 des donn\u00e9es m\u00e9dicales, et planifier le retour au travail de mani\u00e8re adapt\u00e9e sont des aspects cruciaux de la gestion [&hellip;]<\/p>\n","protected":false},"author":101014,"featured_media":232666,"comment_status":"closed","ping_status":"closed","sticky":false,"template":"","format":"standard","meta":{"_et_pb_use_builder":"","_et_pb_old_content":"","_et_gb_content_width":"","footnotes":""},"categories":[94],"tags":[],"class_list":["post-232665","post","type-post","status-publish","format-standard","has-post-thumbnail","hentry","category-congediement-injustifie"],"yoast_head":"<!-- This site is optimized with the Yoast SEO plugin v27.5 - https:\/\/yoast.com\/product\/yoast-seo-wordpress\/ -->\n<title>La gestion des absences longue dur\u00e9e pour maladie - OLS Quebec<\/title>\n<meta name=\"robots\" content=\"index, follow, max-snippet:-1, max-image-preview:large, max-video-preview:-1\" \/>\n<link rel=\"canonical\" href=\"https:\/\/olsquebec.com\/fr\/la-gestion-des-absences-longue-duree-pour-maladie\/\" \/>\n<meta name=\"twitter:card\" content=\"summary_large_image\" \/>\n<meta name=\"twitter:title\" content=\"La gestion des absences longue dur\u00e9e pour maladie - OLS Quebec\" \/>\n<meta name=\"twitter:description\" content=\"La gestion des absences prolong\u00e9es pour maladie peut \u00eatre un d\u00e9fi pour les employeurs, n\u00e9cessitant une compr\u00e9hension approfondie de la l\u00e9gislation en vigueur. Communiquer efficacement avec l&#8217;employ\u00e9 en cong\u00e9 maladie, respecter les lois sur la confidentialit\u00e9 des donn\u00e9es m\u00e9dicales, et planifier le retour au travail de mani\u00e8re adapt\u00e9e sont des aspects cruciaux de la gestion [&hellip;]\" \/>\n<meta name=\"twitter:image\" content=\"https:\/\/olsquebec.com\/wp-content\/uploads\/2024\/03\/2023-08-08-f83f83165c316a861a76478cb6c60169.webp\" \/>\n<meta name=\"twitter:label1\" content=\"\u00c9crit par\" \/>\n\t<meta name=\"twitter:data1\" content=\"seo_ols\" \/>\n\t<meta name=\"twitter:label2\" content=\"Estimation du temps de lecture\" \/>\n\t<meta name=\"twitter:data2\" content=\"4 minutes\" \/>\n<script type=\"application\/ld+json\" class=\"yoast-schema-graph\">{\"@context\":\"https:\\\/\\\/schema.org\",\"@graph\":[{\"@type\":\"Article\",\"@id\":\"https:\\\/\\\/olsquebec.com\\\/fr\\\/la-gestion-des-absences-longue-duree-pour-maladie\\\/#article\",\"isPartOf\":{\"@id\":\"https:\\\/\\\/olsquebec.com\\\/fr\\\/la-gestion-des-absences-longue-duree-pour-maladie\\\/\"},\"author\":{\"name\":\"seo_ols\",\"@id\":\"https:\\\/\\\/olsquebec.com\\\/fr\\\/#\\\/schema\\\/person\\\/a628607ba885073bb0dc92172f396681\"},\"headline\":\"La gestion des absences longue dur\u00e9e pour maladie\",\"datePublished\":\"2024-03-22T16:30:49+00:00\",\"mainEntityOfPage\":{\"@id\":\"https:\\\/\\\/olsquebec.com\\\/fr\\\/la-gestion-des-absences-longue-duree-pour-maladie\\\/\"},\"wordCount\":838,\"publisher\":{\"@id\":\"https:\\\/\\\/olsquebec.com\\\/fr\\\/#organization\"},\"image\":{\"@id\":\"https:\\\/\\\/olsquebec.com\\\/fr\\\/la-gestion-des-absences-longue-duree-pour-maladie\\\/#primaryimage\"},\"thumbnailUrl\":\"https:\\\/\\\/olsquebec.com\\\/wp-content\\\/uploads\\\/2024\\\/03\\\/2023-08-08-f83f83165c316a861a76478cb6c60169.webp\",\"articleSection\":[\"Cong\u00e9diement injustifi\u00e9\"],\"inLanguage\":\"fr-CA\"},{\"@type\":\"WebPage\",\"@id\":\"https:\\\/\\\/olsquebec.com\\\/fr\\\/la-gestion-des-absences-longue-duree-pour-maladie\\\/\",\"url\":\"https:\\\/\\\/olsquebec.com\\\/fr\\\/la-gestion-des-absences-longue-duree-pour-maladie\\\/\",\"name\":\"La gestion des absences longue dur\u00e9e pour maladie - OLS Quebec\",\"isPartOf\":{\"@id\":\"https:\\\/\\\/olsquebec.com\\\/fr\\\/#website\"},\"primaryImageOfPage\":{\"@id\":\"https:\\\/\\\/olsquebec.com\\\/fr\\\/la-gestion-des-absences-longue-duree-pour-maladie\\\/#primaryimage\"},\"image\":{\"@id\":\"https:\\\/\\\/olsquebec.com\\\/fr\\\/la-gestion-des-absences-longue-duree-pour-maladie\\\/#primaryimage\"},\"thumbnailUrl\":\"https:\\\/\\\/olsquebec.com\\\/wp-content\\\/uploads\\\/2024\\\/03\\\/2023-08-08-f83f83165c316a861a76478cb6c60169.webp\",\"datePublished\":\"2024-03-22T16:30:49+00:00\",\"breadcrumb\":{\"@id\":\"https:\\\/\\\/olsquebec.com\\\/fr\\\/la-gestion-des-absences-longue-duree-pour-maladie\\\/#breadcrumb\"},\"inLanguage\":\"fr-CA\",\"potentialAction\":[{\"@type\":\"ReadAction\",\"target\":[\"https:\\\/\\\/olsquebec.com\\\/fr\\\/la-gestion-des-absences-longue-duree-pour-maladie\\\/\"]}]},{\"@type\":\"ImageObject\",\"inLanguage\":\"fr-CA\",\"@id\":\"https:\\\/\\\/olsquebec.com\\\/fr\\\/la-gestion-des-absences-longue-duree-pour-maladie\\\/#primaryimage\",\"url\":\"https:\\\/\\\/olsquebec.com\\\/wp-content\\\/uploads\\\/2024\\\/03\\\/2023-08-08-f83f83165c316a861a76478cb6c60169.webp\",\"contentUrl\":\"https:\\\/\\\/olsquebec.com\\\/wp-content\\\/uploads\\\/2024\\\/03\\\/2023-08-08-f83f83165c316a861a76478cb6c60169.webp\",\"width\":1600,\"height\":760},{\"@type\":\"BreadcrumbList\",\"@id\":\"https:\\\/\\\/olsquebec.com\\\/fr\\\/la-gestion-des-absences-longue-duree-pour-maladie\\\/#breadcrumb\",\"itemListElement\":[{\"@type\":\"ListItem\",\"position\":1,\"name\":\"Home\",\"item\":\"https:\\\/\\\/olsquebec.com\\\/fr\\\/\"},{\"@type\":\"ListItem\",\"position\":2,\"name\":\"La gestion des absences longue dur\u00e9e pour maladie\"}]},{\"@type\":\"WebSite\",\"@id\":\"https:\\\/\\\/olsquebec.com\\\/fr\\\/#website\",\"url\":\"https:\\\/\\\/olsquebec.com\\\/fr\\\/\",\"name\":\"OLS Quebec\",\"description\":\"\",\"publisher\":{\"@id\":\"https:\\\/\\\/olsquebec.com\\\/fr\\\/#organization\"},\"potentialAction\":[{\"@type\":\"SearchAction\",\"target\":{\"@type\":\"EntryPoint\",\"urlTemplate\":\"https:\\\/\\\/olsquebec.com\\\/fr\\\/?s={search_term_string}\"},\"query-input\":{\"@type\":\"PropertyValueSpecification\",\"valueRequired\":true,\"valueName\":\"search_term_string\"}}],\"inLanguage\":\"fr-CA\"},{\"@type\":\"Organization\",\"@id\":\"https:\\\/\\\/olsquebec.com\\\/fr\\\/#organization\",\"name\":\"OLS Quebec\",\"url\":\"https:\\\/\\\/olsquebec.com\\\/fr\\\/\",\"logo\":{\"@type\":\"ImageObject\",\"inLanguage\":\"fr-CA\",\"@id\":\"https:\\\/\\\/olsquebec.com\\\/fr\\\/#\\\/schema\\\/logo\\\/image\\\/\",\"url\":\"https:\\\/\\\/olsquebec.com\\\/wp-content\\\/uploads\\\/2020\\\/11\\\/logo-ols.png\",\"contentUrl\":\"https:\\\/\\\/olsquebec.com\\\/wp-content\\\/uploads\\\/2020\\\/11\\\/logo-ols.png\",\"width\":296,\"height\":82,\"caption\":\"OLS Quebec\"},\"image\":{\"@id\":\"https:\\\/\\\/olsquebec.com\\\/fr\\\/#\\\/schema\\\/logo\\\/image\\\/\"}},{\"@type\":\"Person\",\"@id\":\"https:\\\/\\\/olsquebec.com\\\/fr\\\/#\\\/schema\\\/person\\\/a628607ba885073bb0dc92172f396681\",\"name\":\"seo_ols\",\"image\":{\"@type\":\"ImageObject\",\"inLanguage\":\"fr-CA\",\"@id\":\"https:\\\/\\\/secure.gravatar.com\\\/avatar\\\/c6923fa51e78a5e007e3eb68f771fa191a5a00c348491b8a83c21abdf5b2e066?s=96&d=mm&r=g\",\"url\":\"https:\\\/\\\/secure.gravatar.com\\\/avatar\\\/c6923fa51e78a5e007e3eb68f771fa191a5a00c348491b8a83c21abdf5b2e066?s=96&d=mm&r=g\",\"contentUrl\":\"https:\\\/\\\/secure.gravatar.com\\\/avatar\\\/c6923fa51e78a5e007e3eb68f771fa191a5a00c348491b8a83c21abdf5b2e066?s=96&d=mm&r=g\",\"caption\":\"seo_ols\"}}]}<\/script>\n<!-- \/ Yoast SEO plugin. -->","yoast_head_json":{"title":"La gestion des absences longue dur\u00e9e pour maladie - OLS Quebec","robots":{"index":"index","follow":"follow","max-snippet":"max-snippet:-1","max-image-preview":"max-image-preview:large","max-video-preview":"max-video-preview:-1"},"canonical":"https:\/\/olsquebec.com\/fr\/la-gestion-des-absences-longue-duree-pour-maladie\/","twitter_card":"summary_large_image","twitter_title":"La gestion des absences longue dur\u00e9e pour maladie - OLS Quebec","twitter_description":"La gestion des absences prolong\u00e9es pour maladie peut \u00eatre un d\u00e9fi pour les employeurs, n\u00e9cessitant une compr\u00e9hension approfondie de la l\u00e9gislation en vigueur. Communiquer efficacement avec l&#8217;employ\u00e9 en cong\u00e9 maladie, respecter les lois sur la confidentialit\u00e9 des donn\u00e9es m\u00e9dicales, et planifier le retour au travail de mani\u00e8re adapt\u00e9e sont des aspects cruciaux de la gestion [&hellip;]","twitter_image":"https:\/\/olsquebec.com\/wp-content\/uploads\/2024\/03\/2023-08-08-f83f83165c316a861a76478cb6c60169.webp","twitter_misc":{"\u00c9crit par":"seo_ols","Estimation du temps de lecture":"4 minutes"},"schema":{"@context":"https:\/\/schema.org","@graph":[{"@type":"Article","@id":"https:\/\/olsquebec.com\/fr\/la-gestion-des-absences-longue-duree-pour-maladie\/#article","isPartOf":{"@id":"https:\/\/olsquebec.com\/fr\/la-gestion-des-absences-longue-duree-pour-maladie\/"},"author":{"name":"seo_ols","@id":"https:\/\/olsquebec.com\/fr\/#\/schema\/person\/a628607ba885073bb0dc92172f396681"},"headline":"La gestion des absences longue dur\u00e9e pour maladie","datePublished":"2024-03-22T16:30:49+00:00","mainEntityOfPage":{"@id":"https:\/\/olsquebec.com\/fr\/la-gestion-des-absences-longue-duree-pour-maladie\/"},"wordCount":838,"publisher":{"@id":"https:\/\/olsquebec.com\/fr\/#organization"},"image":{"@id":"https:\/\/olsquebec.com\/fr\/la-gestion-des-absences-longue-duree-pour-maladie\/#primaryimage"},"thumbnailUrl":"https:\/\/olsquebec.com\/wp-content\/uploads\/2024\/03\/2023-08-08-f83f83165c316a861a76478cb6c60169.webp","articleSection":["Cong\u00e9diement injustifi\u00e9"],"inLanguage":"fr-CA"},{"@type":"WebPage","@id":"https:\/\/olsquebec.com\/fr\/la-gestion-des-absences-longue-duree-pour-maladie\/","url":"https:\/\/olsquebec.com\/fr\/la-gestion-des-absences-longue-duree-pour-maladie\/","name":"La gestion des absences longue dur\u00e9e pour maladie - OLS Quebec","isPartOf":{"@id":"https:\/\/olsquebec.com\/fr\/#website"},"primaryImageOfPage":{"@id":"https:\/\/olsquebec.com\/fr\/la-gestion-des-absences-longue-duree-pour-maladie\/#primaryimage"},"image":{"@id":"https:\/\/olsquebec.com\/fr\/la-gestion-des-absences-longue-duree-pour-maladie\/#primaryimage"},"thumbnailUrl":"https:\/\/olsquebec.com\/wp-content\/uploads\/2024\/03\/2023-08-08-f83f83165c316a861a76478cb6c60169.webp","datePublished":"2024-03-22T16:30:49+00:00","breadcrumb":{"@id":"https:\/\/olsquebec.com\/fr\/la-gestion-des-absences-longue-duree-pour-maladie\/#breadcrumb"},"inLanguage":"fr-CA","potentialAction":[{"@type":"ReadAction","target":["https:\/\/olsquebec.com\/fr\/la-gestion-des-absences-longue-duree-pour-maladie\/"]}]},{"@type":"ImageObject","inLanguage":"fr-CA","@id":"https:\/\/olsquebec.com\/fr\/la-gestion-des-absences-longue-duree-pour-maladie\/#primaryimage","url":"https:\/\/olsquebec.com\/wp-content\/uploads\/2024\/03\/2023-08-08-f83f83165c316a861a76478cb6c60169.webp","contentUrl":"https:\/\/olsquebec.com\/wp-content\/uploads\/2024\/03\/2023-08-08-f83f83165c316a861a76478cb6c60169.webp","width":1600,"height":760},{"@type":"BreadcrumbList","@id":"https:\/\/olsquebec.com\/fr\/la-gestion-des-absences-longue-duree-pour-maladie\/#breadcrumb","itemListElement":[{"@type":"ListItem","position":1,"name":"Home","item":"https:\/\/olsquebec.com\/fr\/"},{"@type":"ListItem","position":2,"name":"La gestion des absences longue dur\u00e9e pour maladie"}]},{"@type":"WebSite","@id":"https:\/\/olsquebec.com\/fr\/#website","url":"https:\/\/olsquebec.com\/fr\/","name":"OLS Quebec","description":"","publisher":{"@id":"https:\/\/olsquebec.com\/fr\/#organization"},"potentialAction":[{"@type":"SearchAction","target":{"@type":"EntryPoint","urlTemplate":"https:\/\/olsquebec.com\/fr\/?s={search_term_string}"},"query-input":{"@type":"PropertyValueSpecification","valueRequired":true,"valueName":"search_term_string"}}],"inLanguage":"fr-CA"},{"@type":"Organization","@id":"https:\/\/olsquebec.com\/fr\/#organization","name":"OLS Quebec","url":"https:\/\/olsquebec.com\/fr\/","logo":{"@type":"ImageObject","inLanguage":"fr-CA","@id":"https:\/\/olsquebec.com\/fr\/#\/schema\/logo\/image\/","url":"https:\/\/olsquebec.com\/wp-content\/uploads\/2020\/11\/logo-ols.png","contentUrl":"https:\/\/olsquebec.com\/wp-content\/uploads\/2020\/11\/logo-ols.png","width":296,"height":82,"caption":"OLS Quebec"},"image":{"@id":"https:\/\/olsquebec.com\/fr\/#\/schema\/logo\/image\/"}},{"@type":"Person","@id":"https:\/\/olsquebec.com\/fr\/#\/schema\/person\/a628607ba885073bb0dc92172f396681","name":"seo_ols","image":{"@type":"ImageObject","inLanguage":"fr-CA","@id":"https:\/\/secure.gravatar.com\/avatar\/c6923fa51e78a5e007e3eb68f771fa191a5a00c348491b8a83c21abdf5b2e066?s=96&d=mm&r=g","url":"https:\/\/secure.gravatar.com\/avatar\/c6923fa51e78a5e007e3eb68f771fa191a5a00c348491b8a83c21abdf5b2e066?s=96&d=mm&r=g","contentUrl":"https:\/\/secure.gravatar.com\/avatar\/c6923fa51e78a5e007e3eb68f771fa191a5a00c348491b8a83c21abdf5b2e066?s=96&d=mm&r=g","caption":"seo_ols"}}]}},"jetpack_featured_media_url":"https:\/\/olsquebec.com\/wp-content\/uploads\/2024\/03\/2023-08-08-f83f83165c316a861a76478cb6c60169.webp","_links":{"self":[{"href":"https:\/\/olsquebec.com\/fr\/wp-json\/wp\/v2\/posts\/232665","targetHints":{"allow":["GET"]}}],"collection":[{"href":"https:\/\/olsquebec.com\/fr\/wp-json\/wp\/v2\/posts"}],"about":[{"href":"https:\/\/olsquebec.com\/fr\/wp-json\/wp\/v2\/types\/post"}],"author":[{"embeddable":true,"href":"https:\/\/olsquebec.com\/fr\/wp-json\/wp\/v2\/users\/101014"}],"replies":[{"embeddable":true,"href":"https:\/\/olsquebec.com\/fr\/wp-json\/wp\/v2\/comments?post=232665"}],"version-history":[{"count":1,"href":"https:\/\/olsquebec.com\/fr\/wp-json\/wp\/v2\/posts\/232665\/revisions"}],"predecessor-version":[{"id":232670,"href":"https:\/\/olsquebec.com\/fr\/wp-json\/wp\/v2\/posts\/232665\/revisions\/232670"}],"wp:featuredmedia":[{"embeddable":true,"href":"https:\/\/olsquebec.com\/fr\/wp-json\/wp\/v2\/media\/232666"}],"wp:attachment":[{"href":"https:\/\/olsquebec.com\/fr\/wp-json\/wp\/v2\/media?parent=232665"}],"wp:term":[{"taxonomy":"category","embeddable":true,"href":"https:\/\/olsquebec.com\/fr\/wp-json\/wp\/v2\/categories?post=232665"},{"taxonomy":"post_tag","embeddable":true,"href":"https:\/\/olsquebec.com\/fr\/wp-json\/wp\/v2\/tags?post=232665"}],"curies":[{"name":"wp","href":"https:\/\/api.w.org\/{rel}","templated":true}]}}